{"id":255,"date":"2020-03-31T14:03:13","date_gmt":"2020-03-31T14:03:13","guid":{"rendered":"http:\/\/www.tourismcartoon.org\/?p=255"},"modified":"2022-09-01T08:52:00","modified_gmt":"2022-09-01T08:52:00","slug":"birinci-uluslararasi-turizm-karikaturleri-yarismasi-2009","status":"publish","type":"post","link":"http:\/\/www.tourismcartoon.org\/es\/onceki-yarismalar\/birinci-uluslararasi-turizm-karikaturleri-yarismasi-2009\/","title":{"rendered":"Primero Concurso Internacional de Turismo de Caricatura &#8211; 2009"},"content":{"rendered":"<p><strong>N\u00famero de la competencia: <\/strong>1<br \/>\n<strong>A\u00f1o: <\/strong>2009<br \/>\n<strong>Theme:<\/strong> Turismo<br \/>\n<strong>Categor\u00edas:<\/strong> general<\/p>\n<p><strong>Informaci\u00f3n sobre caricaturas enviadas:<\/strong><\/p>\n<ul>\n<li>N\u00famero de pa\u00edses: 599<\/li>\n<li>N\u00famero de pa\u00edses: 50<\/li>\n<li>N\u00famero de dibujantes: 269<\/li>\n<\/ul>\n<p><strong>Lugar de la ceremonia de premiaci\u00f3n:<\/strong> 11\u00a0febrero 2011, <span style=\"color: #993300;\"><a style=\"color: #993300;\" href=\"http:\/\/emittistanbul.com\/Anasayfa\" target=\"_blank\" rel=\"noopener noreferrer\">14th East Mediterranean International Tourism &amp; Travel Exhibition<\/a><\/span> \u0130stanbul, Turqu\u00eda<\/p>\n<p><strong>Miembros del comit\u00e9 de selecci\u00f3n:<\/strong> Atila \u00d6ZER (Turqu\u00eda), Ahmet AYKANAT (Turqu\u00eda), B\u00fclent \u00c7EL\u0130K (Turqu\u00eda) Athanasios EFTHIMAIADIS (Grecia) Kamil YAVUZ (Turqu\u00eda), Rahim BAGGAL ASGHARI (Ir\u00e1n), Fehmi K\u00d6FTEO\u011eLU (Turqu\u00eda), Osman Nihat AYDO\u011eAN (Turqu\u00eda), Nazmi KOZAK (Turqu\u00eda).<\/p>\n<p><strong>Libro de la competencia <\/strong><span style=\"color: #993300;\"><a style=\"color: #993300;\" href=\"http:\/\/ttp\/\/www.anatoliajournal.com\/cartoon\/book2009,pdf\" target=\"_blank\" rel=\"noopener noreferrer\">(<\/a><a style=\"color: #993300;\" href=\"http:\/\/www.tourismcartoon.org\/wp-content\/uploads\/2020\/03\/clic-aqu.pdf\" target=\"_blank\" rel=\"noopener noreferrer\">clic aqu<\/a>)<\/span><br \/>\n<strong>Noticias publicadas sobre la competencia<\/strong><span style=\"color: #993300;\"><a style=\"color: #993300;\" href=\"https:\/\/photos.google.com\/share\/AF1QipMug0pKN5aFMY6uWCc96CJSxqZ8KJvHlocZGYOZTqS9zuHloAZwQNm3O90IrZtvIg?key=SnExckNGSVNMajZ0SHQ2MEpCNW5CcERqeld1QnRn\" target=\"_blank\" rel=\"noopener noreferrer\"> (clic aqu\u00ed)<\/a><\/span><br \/>\n<strong>Fotos de la ceremonia de entrega de premios <\/strong><span style=\"color: #993300;\"><a style=\"color: #993300;\" href=\"https:\/\/photos.google.com\/share\/AF1QipM28fNtU9MTLUNhDXVoO0DPw-vEpzp5z4DgAvoxNvfT2BWUs3sajle4S_oqSbHgjw?key=YTFVMDJ4dDBHT2t4LTRMT1JjcUgzS1EyVVlfTExR\" target=\"_blank\" rel=\"noopener noreferrer\">(clic aqu\u00ed)<\/a><\/span><\/p>\n<hr \/>\n<h3 style=\"text-align: center;\"><strong>DIBUJOS ANIMADOS PREMIADOS<\/strong><\/h3>\n<p>&nbsp;<\/p>\n<table style=\"border-collapse: collapse; width: 100%; height: 144px;\">\n<tbody>\n<tr style=\"height: 24px;\">\n<td style=\"width: 33.3333%; text-align: center; height: 24px;\"><strong>El Gran Premio<\/strong><\/td>\n<td style=\"width: 33.3333%; text-align: center; height: 24px;\"><strong>El Segundo Premio<\/strong><\/td>\n<td style=\"width: 33.3333%; text-align: center; height: 24px;\"><strong>El Tercer Premio<\/strong><\/td>\n<\/tr>\n<tr style=\"height: 24px;\">\n<td style=\"width: 33.3333%; height: 24px; text-align: center;\"><a href=\"http:\/\/www.tourismcartoon.org\/wp-content\/uploads\/2020\/04\/No_Image_Available.png\"><img loading=\"lazy\" decoding=\"async\" class=\"aligncenter wp-image-398 size-thumbnail\" src=\"http:\/\/www.tourismcartoon.org\/wp-content\/uploads\/2020\/04\/No_Image_Available-150x150.png\" alt=\"\" width=\"150\" height=\"150\" srcset=\"http:\/\/www.tourismcartoon.org\/wp-content\/uploads\/2020\/04\/No_Image_Available-150x150.png 150w, http:\/\/www.tourismcartoon.org\/wp-content\/uploads\/2020\/04\/No_Image_Available-300x300.png 300w, http:\/\/www.tourismcartoon.org\/wp-content\/uploads\/2020\/04\/No_Image_Available.png 512w\" sizes=\"auto, (max-width: 150px) 100vw, 150px\" \/><\/a><\/p>\n<p>El gran premio<br \/>\nfue cancelado.<\/td>\n<td style=\"width: 33.3333%; height: 24px; text-align: center;\"><a href=\"http:\/\/www.tourismcartoon.org\/wp-content\/uploads\/2020\/04\/2009-the-second-award-Oleg-Goutsol-Belarus.jpg\" target=\"_blank\" rel=\"noopener noreferrer\"><img loading=\"lazy\" decoding=\"async\" class=\"aligncenter wp-image-396 size-thumbnail\" src=\"http:\/\/www.tourismcartoon.org\/wp-content\/uploads\/2020\/04\/2009-the-second-award-Oleg-Goutsol-Belarus-150x150.jpg\" alt=\"\" width=\"150\" height=\"150\" \/><\/a><\/p>\n<p><span style=\"color: #008080;\"><strong>Oleg Goutsol<\/strong><\/span><\/p>\n<p><span style=\"color: #666699;\"><em>Bielorrusia<\/em><\/span><\/td>\n<td style=\"width: 33.3333%; height: 24px; text-align: center;\"><a href=\"http:\/\/www.tourismcartoon.org\/wp-content\/uploads\/2020\/04\/2009-the-third-award-jordanpopiliev-macedonia.jpg\" target=\"_blank\" rel=\"noopener noreferrer\"><img loading=\"lazy\" decoding=\"async\" class=\"aligncenter wp-image-397 size-thumbnail\" src=\"http:\/\/www.tourismcartoon.org\/wp-content\/uploads\/2020\/04\/2009-the-third-award-jordanpopiliev-macedonia-150x150.jpg\" alt=\"\" width=\"150\" height=\"150\" \/><\/a><\/p>\n<p><span style=\"color: #008080;\"><strong>Jordan Poplliev<\/strong><\/span><\/p>\n<p><span style=\"color: #666699;\"><em>Macedonia<\/em><\/span><\/td>\n<\/tr>\n<tr style=\"height: 24px;\">\n<td style=\"width: 33.3333%; height: 24px; text-align: center;\"><strong>Mansi\u00f3n<\/strong><\/td>\n<td style=\"width: 33.3333%; height: 24px; text-align: center;\"><strong>Mansi\u00f3n<\/strong><\/td>\n<td style=\"width: 33.3333%; height: 24px; text-align: center;\"><strong>Mansi\u00f3n<\/strong><\/td>\n<\/tr>\n<tr style=\"height: 24px;\">\n<td style=\"width: 33.3333%; height: 24px; text-align: center;\"><a href=\"http:\/\/www.tourismcartoon.org\/wp-content\/uploads\/2020\/04\/2009-Mansion-Omer-Cam-Turkey.jpg\" target=\"_blank\" rel=\"noopener noreferrer\"><img loading=\"lazy\" decoding=\"async\" class=\"aligncenter wp-image-394 size-thumbnail\" src=\"http:\/\/www.tourismcartoon.org\/wp-content\/uploads\/2020\/04\/2009-Mansion-Omer-Cam-Turkey-150x150.jpg\" alt=\"\" width=\"150\" height=\"150\" \/><\/a><\/p>\n<p><span style=\"color: #008080;\"><strong>\u00d6mer \u00c7am<\/strong><\/span><\/p>\n<p><span style=\"color: #666699;\"><em>Turqu\u00eda<\/em><\/span><\/td>\n<td style=\"width: 33.3333%; height: 24px; text-align: center;\"><a href=\"http:\/\/www.tourismcartoon.org\/wp-content\/uploads\/2020\/04\/2009-Mansion-Mehmet-Zeber-Turkey.jpg\" target=\"_blank\" rel=\"noopener noreferrer\"><img loading=\"lazy\" decoding=\"async\" class=\"aligncenter wp-image-393 size-thumbnail\" src=\"http:\/\/www.tourismcartoon.org\/wp-content\/uploads\/2020\/04\/2009-Mansion-Mehmet-Zeber-Turkey-150x150.jpg\" alt=\"\" width=\"150\" height=\"150\" \/><\/a><\/p>\n<p><span style=\"color: #008080;\"><strong>Mehmet Zeber<\/strong><\/span><\/p>\n<p><span style=\"color: #666699;\"><em>Turqu\u00eda<\/em><\/span><\/td>\n<td style=\"width: 33.3333%; height: 24px; text-align: center;\"><a href=\"http:\/\/www.tourismcartoon.org\/wp-content\/uploads\/2020\/04\/2009-Mansion-Valeriu-Kurtu-Germany.jpg\" target=\"_blank\" rel=\"noopener noreferrer\"><img loading=\"lazy\" decoding=\"async\" class=\"aligncenter wp-image-395 size-thumbnail\" src=\"http:\/\/www.tourismcartoon.org\/wp-content\/uploads\/2020\/04\/2009-Mansion-Valeriu-Kurtu-Germany-150x150.jpg\" alt=\"\" width=\"150\" height=\"150\" \/><\/a><\/p>\n<p><span style=\"color: #008080;\"><strong>Valeriu Kurtu<\/strong><\/span><\/p>\n<p><span style=\"color: #666699;\"><em>Alemania<\/em><\/span><\/td>\n<\/tr>\n<tr style=\"height: 24px;\">\n<td style=\"width: 33.3333%; height: 24px; text-align: center;\"><strong>Mansi\u00f3n<\/strong><\/td>\n<td style=\"width: 33.3333%; height: 24px; text-align: center;\"><strong>Mansi\u00f3n<\/strong><\/td>\n<td style=\"width: 33.3333%; height: 24px;\"><\/td>\n<\/tr>\n<tr style=\"height: 24px;\">\n<td style=\"width: 33.3333%; height: 24px; text-align: center;\"><a href=\"http:\/\/www.tourismcartoon.org\/wp-content\/uploads\/2020\/04\/2009-mansion-lucvernimmen-belgium.jpg\" target=\"_blank\" rel=\"noopener noreferrer\"><img loading=\"lazy\" decoding=\"async\" class=\"aligncenter wp-image-392 size-thumbnail\" src=\"http:\/\/www.tourismcartoon.org\/wp-content\/uploads\/2020\/04\/2009-mansion-lucvernimmen-belgium-150x150.jpg\" alt=\"\" width=\"150\" height=\"150\" \/><\/a><\/p>\n<p><span style=\"color: #008080;\"><strong>Luc Vernimmen<\/strong><\/span><\/p>\n<p><span style=\"color: #666699;\"><em>B\u00e9lgica<\/em><\/span><\/td>\n<td style=\"width: 33.3333%; height: 24px; text-align: center;\"><a href=\"http:\/\/www.tourismcartoon.org\/wp-content\/uploads\/2020\/04\/2009-mansion-kazanevski-vladimir-ukraine.jpg\" target=\"_blank\" rel=\"noopener noreferrer\"><img loading=\"lazy\" decoding=\"async\" class=\"aligncenter wp-image-391 size-thumbnail\" src=\"http:\/\/www.tourismcartoon.org\/wp-content\/uploads\/2020\/04\/2009-mansion-kazanevski-vladimir-ukraine-150x150.jpg\" alt=\"\" width=\"150\" height=\"150\" \/><\/a><\/p>\n<p><span style=\"color: #008080;\"><strong>Kazanevsky Viladimir<\/strong><\/span><\/p>\n<p><span style=\"color: #666699;\"><em>Ucrania<\/em><\/span><\/td>\n<td style=\"width: 33.3333%; height: 24px;\"><\/td>\n<\/tr>\n<\/tbody>\n<\/table>\n<p>&nbsp;<\/p>","protected":false},"excerpt":{"rendered":"<p>N\u00famero de la competencia: 1 A\u00f1o: 2009 Theme: Turismo Categor\u00edas: general Informaci\u00f3n sobre caricaturas enviadas: N\u00famero de pa\u00edses: 599 N\u00famero de pa\u00edses: 50 N\u00famero de dibujantes: 269 Lugar de la ceremonia de premiaci\u00f3n: 11\u00a0febrero 2011, 14th East Mediterranean International Tourism &amp; Travel Exhibition \u0130stanbul, Turqu\u00eda Miembros del comit\u00e9 de selecci\u00f3n: Atila \u00d6ZER (Turqu\u00eda), Ahmet AYKANAT&hellip;&nbsp;<a href=\"http:\/\/www.tourismcartoon.org\/es\/onceki-yarismalar\/birinci-uluslararasi-turizm-karikaturleri-yarismasi-2009\/\" class=\"\" rel=\"bookmark\">Leer m\u00e1s &raquo;<span class=\"screen-reader-text\">Primero Concurso Internacional de Turismo de Caricatura &#8211; 2009<\/span><\/a><\/p>\n","protected":false},"author":1,"featured_media":0,"comment_status":"closed","ping_status":"open","sticky":false,"template":"","format":"standard","meta":{"neve_meta_sidebar":"","neve_meta_container":"","neve_meta_enable_content_width":"off","neve_meta_content_width":0,"neve_meta_title_alignment":"","neve_meta_author_avatar":"","neve_post_elements_order":"","neve_meta_disable_header":"","neve_meta_disable_footer":"","neve_meta_disable_title":"","footnotes":""},"categories":[10],"tags":[],"class_list":["post-255","post","type-post","status-publish","format-standard","hentry","category-onceki-yarismalar"],"_links":{"self":[{"href":"http:\/\/www.tourismcartoon.org\/es\/wp-json\/wp\/v2\/posts\/255","targetHints":{"allow":["GET"]}}],"collection":[{"href":"http:\/\/www.tourismcartoon.org\/es\/wp-json\/wp\/v2\/posts"}],"about":[{"href":"http:\/\/www.tourismcartoon.org\/es\/wp-json\/wp\/v2\/types\/post"}],"author":[{"embeddable":true,"href":"http:\/\/www.tourismcartoon.org\/es\/wp-json\/wp\/v2\/users\/1"}],"replies":[{"embeddable":true,"href":"http:\/\/www.tourismcartoon.org\/es\/wp-json\/wp\/v2\/comments?post=255"}],"version-history":[{"count":54,"href":"http:\/\/www.tourismcartoon.org\/es\/wp-json\/wp\/v2\/posts\/255\/revisions"}],"predecessor-version":[{"id":2955,"href":"http:\/\/www.tourismcartoon.org\/es\/wp-json\/wp\/v2\/posts\/255\/revisions\/2955"}],"wp:attachment":[{"href":"http:\/\/www.tourismcartoon.org\/es\/wp-json\/wp\/v2\/media?parent=255"}],"wp:term":[{"taxonomy":"category","embeddable":true,"href":"http:\/\/www.tourismcartoon.org\/es\/wp-json\/wp\/v2\/categories?post=255"},{"taxonomy":"post_tag","embeddable":true,"href":"http:\/\/www.tourismcartoon.org\/es\/wp-json\/wp\/v2\/tags?post=255"}],"curies":[{"name":"wp","href":"https:\/\/api.w.org\/{rel}","templated":true}]}}