{"id":249,"date":"2020-03-31T14:02:17","date_gmt":"2020-03-31T14:02:17","guid":{"rendered":"http:\/\/www.tourismcartoon.org\/?p=249"},"modified":"2022-09-01T08:52:59","modified_gmt":"2022-09-01T08:52:59","slug":"dorduncu-uluslararasi-turizm-karikaturleri-yarismasi-2012","status":"publish","type":"post","link":"http:\/\/www.tourismcartoon.org\/fa\/onceki-yarismalar\/dorduncu-uluslararasi-turizm-karikaturleri-yarismasi-2012\/","title":{"rendered":"\u0686\u0647\u0627\u0631\u0645\u06cc\u0646 \u0645\u0633\u0627\u0628\u0642\u0647\u00ac\u06cc \u06a9\u0627\u0631\u06cc\u06a9\u0627\u062a\u0648\u0631 \u06af\u0631\u062f\u0634\u06af\u0631\u06cc \u0628\u06cc\u0646\u00ac\u0627\u0644\u0645\u0644\u0644\u06cc 2012"},"content":{"rendered":"<p><\/p>\n<p align=\"right\">4: <strong><span dir=\"RTL\">\u062a\u0639\u062f\u0627\u062f \u0645\u0633\u0627\u0628\u0642\u0647<\/span><\/strong><\/p>\n<p align=\"right\">2012: <strong><span dir=\"RTL\">\u0633\u0627\u0644<\/span><\/strong><\/p>\n<p align=\"right\">\u00a0\u062c\u0647\u0627\u0646\u06af\u0631\u062f\u06cc: \u0645\u0648\u0636\u0648\u0639<\/p>\n<p align=\"right\">\u0628\u0627\u0632 \u0628\u0647 \u0647\u0645\u0647: \u062f\u0633\u062a\u0647<\/p>\n<p align=\"right\"><strong><span dir=\"RTL\">\u0627\u0637\u0644\u0627\u0639\u0627\u062a \u06a9\u0627\u0631\u06cc\u06a9\u0627\u062a\u0648\u0631 \u0627\u0631\u0633\u0627\u0644\u06cc:<\/span><\/strong><\/p>\n<p align=\"right\"><strong>692: <\/strong><strong><span dir=\"RTL\">\u062a\u0639\u062f\u0627\u062f \u06a9\u0627\u0631\u06cc\u06a9\u0627\u062a\u0648\u0631<\/span><\/strong><\/p>\n<p align=\"right\"><strong>72: <\/strong><strong><span dir=\"RTL\">\u062a\u0639\u062f\u0627\u062f \u06a9\u0634\u0648\u0631 \u0634\u0631\u06a9\u062a\u200c\u06a9\u0646\u0646\u062f\u0647<\/span><\/strong><\/p>\n<p align=\"right\">312: <strong><span dir=\"RTL\">\u062a\u0639\u062f\u0627\u062f \u0634\u0631\u06a9\u062a\u200c\u06a9\u0646\u0646\u062f\u06af\u0627\u0646<\/span><\/strong><\/p>\n<p align=\"right\">5 April 2013, <span style=\"color: #993300;\"><a style=\"color: #993300;\" href=\"http:\/\/www.istanbulmodern.org\/en\" target=\"_blank\" rel=\"noopener noreferrer\">Istanbul Modern Exhitibition Hall<\/a>,<\/span> Istanbul, Turkey: <strong><span dir=\"RTL\">\u062a\u0627\u0631\u06cc\u062e \u0648 \u0645\u062d\u0644 \u0628\u0631\u06af\u0632\u0627\u0631\u06cc \u0645\u0631\u0627\u0633\u0645 \u062c\u0627\u06cc\u0632\u0647<\/span><\/strong><\/p>\n<p align=\"right\"><strong><span dir=\"RTL\">\u0627\u0639\u0636\u0627\u06cc \u0647\u06cc\u0623\u062a \u062f\u0627\u0648\u0631\u06cc: <\/span><\/strong><\/p>\n<p align=\"right\">Abbas NAASER\u0130 (\u0627\u06cc\u0631\u0627\u0646), H\u00fcseyin \u00c7AKMAK (\u062c\u0645\u0647\u0648\u0631\u06cc \u062a\u0631\u06a9 \u0642\u0628\u0631\u0633 \u0634\u0645\u0627\u0644\u06cc), Yoshiaki YOKOTA (\u0698\u0627\u067e\u0646), Eray \u00d6ZBEK (\u062a\u0631\u06a9\u06cc\u0647), \u0130brahim YAZAR (\u062a\u0631\u06a9\u06cc\u0647), Fehmi K\u00d6FTEO\u011eLU (\u062a\u0631\u06a9\u06cc\u0647), Osman N\u0130HAT AYDO\u011eAN (\u062a\u0631\u06a9\u06cc\u0647), Mehmet KAHRAMAN (\u062a\u0631\u06a9\u06cc\u0647), B\u00fclent \u00c7EL\u0130K (\u062a\u0631\u06a9\u06cc\u0647), Nazmi KOZAK (\u062a\u0631\u06a9\u06cc\u0647).<\/p>\n<p align=\"right\"><strong><span dir=\"RTL\">\u06af\u0627\u0644\u0631\u06cc \u0645\u0633\u0627\u0628\u0642\u0647<\/span><\/strong> <a href=\"http:\/\/www.anatoliajournal.com\/cartoon\/book2012.pdf\" target=\"_blank\" rel=\"noopener noreferrer\"><span dir=\"RTL\"><span style=\"color: #993300;\">(\u062c\u0647\u062a \u06a9\u0633\u0628 \u0627\u0637\u0644\u0627\u0639\u0627\u062a \u0628\u06cc\u0634\u062a\u0631 \u06a9\u0644\u06cc\u06a9 \u06a9\u0646\u06cc<\/span>\u062f:<\/span><\/a><\/p>\n<p align=\"right\"><strong><span dir=\"RTL\">\u0644\u06cc\u0646\u06a9 \u0627\u062e\u0628\u0627\u0631 \u0645\u0631\u0628\u0648\u0637 \u0628\u0647 \u0645\u0633\u0627\u0628\u0642\u0647<\/span><\/strong> <span dir=\"RTL\"><span style=\"color: #993300;\"><a style=\"color: #993300;\" href=\"https:\/\/photos.google.com\/share\/AF1QipOtvew3r7q7vdU3fVwQIr6_i8JUg3SxkjIKmoLoq8--IzsGB--CIfEIrEZjnxCtNA?key=ZExOcldudm5PQmw4LWw2RDZ0azlwN3lyUzFNampn\" target=\"_blank\" rel=\"noopener noreferrer\">(\u062c\u0647\u062a \u06a9\u0633\u0628 \u0627\u0637\u0644\u0627\u0639\u0627\u062a \u0628\u06cc\u0634\u062a\u0631 \u06a9\u0644\u06cc\u06a9 \u06a9\u0646\u06cc\u062f)<\/a><\/span>:<\/span><\/p>\n<p dir=\"RTL\"><strong>\u0639\u06a9\u0633\u200c\u0647\u0627\u06cc \u0645\u0631\u0628\u0648\u0637 \u0628\u0647 \u0645\u0631\u0627\u0633\u0645 \u062c\u0627\u06cc\u0632\u0647<\/strong><span style=\"color: #993300;\"> <a style=\"color: #993300;\" href=\"https:\/\/photos.app.goo.gl\/E7kk4BJhA7WzZiMA9\" target=\"_blank\" rel=\"noopener noreferrer\">(\u062c\u0647\u062a \u06a9\u0633\u0628 \u0627\u0637\u0644\u0627\u0639\u0627\u062a \u0628\u06cc\u0634\u062a\u0631 \u06a9\u0644\u06cc\u06a9 \u06a9\u0646\u06cc\u062f)<\/a>:<\/span><\/p>\n<p>&nbsp;<\/p>\n<p style=\"text-align: center;\"><strong>\u062f\u0631 \u0628\u0631\u0646\u062f\u0647<\/strong><\/p>\n<hr \/>\n<table>\n<tbody>\n<tr>\n<td style=\"text-align: center;\"><strong><span dir=\"RTL\">\u062c\u0627\u06cc\u0632\u0647\u00ad\u06cc \u0646\u0641\u0631 \u0627\u0648\u0644<\/span><\/strong><\/td>\n<td style=\"text-align: center;\"><strong><span dir=\"RTL\">\u062c\u0627\u06cc\u0632\u0647\u00ad\u06cc \u0646\u0641\u0631 \u062f\u0648\u0645<\/span><\/strong><\/td>\n<td style=\"text-align: center;\"><strong><span dir=\"RTL\">\u062c\u0627\u06cc\u0632\u0647\u00ad\u06cc \u0646\u0641\u0631 \u0633\u0648\u0645<\/span><\/strong><\/td>\n<\/tr>\n<tr>\n<td style=\"text-align: center;\"><a class=\"fancybox\" href=\"http:\/\/tourismcartoon.com\/site\/wp-content\/uploads\/2018\/07\/Klaus-Pitter-Austria-Avusturya.jpg\"><img loading=\"lazy\" decoding=\"async\" class=\"aligncenter wp-image-588 size-thumbnail\" src=\"http:\/\/tourismcartoon.com\/site\/wp-content\/uploads\/2018\/07\/Klaus-Pitter-Austria-Avusturya-150x150.jpg\" alt=\"\" width=\"150\" height=\"150\" \/><\/a><\/p>\n<div>\n<div><span style=\"color: #808000;\"><strong><a href=\"http:\/\/www.tourismcartoon.org\/wp-content\/uploads\/2020\/03\/Klaus-Pitter-Austria-Avusturya.jpg\"><img loading=\"lazy\" decoding=\"async\" class=\"aligncenter wp-image-441 size-thumbnail\" src=\"http:\/\/www.tourismcartoon.org\/wp-content\/uploads\/2020\/03\/Klaus-Pitter-Austria-Avusturya-150x150.jpg\" alt=\"\" width=\"150\" height=\"150\" \/><\/a>Klaus Pitter<\/strong><\/span><\/div>\n<div>\u0627\u062a\u0631\u06cc\u0634<\/div>\n<\/div>\n<\/td>\n<td style=\"text-align: center;\"><a class=\"fancybox\" href=\"http:\/\/tourismcartoon.com\/site\/wp-content\/uploads\/2018\/07\/ahmet-aikanat-turkeiturkiie.jpg\"><img loading=\"lazy\" decoding=\"async\" class=\"aligncenter wp-image-589 size-thumbnail\" src=\"http:\/\/tourismcartoon.com\/site\/wp-content\/uploads\/2018\/07\/ahmet-aikanat-turkeiturkiie-150x150.jpg\" alt=\"\" width=\"150\" height=\"150\" \/><\/a><\/p>\n<div>\n<div><span style=\"color: #808000;\"><strong><a href=\"http:\/\/www.tourismcartoon.org\/wp-content\/uploads\/2020\/03\/ahmet-aikanat-turkeiturkiie.jpg\"><img loading=\"lazy\" decoding=\"async\" class=\"aligncenter wp-image-434 size-thumbnail\" src=\"http:\/\/www.tourismcartoon.org\/wp-content\/uploads\/2020\/03\/ahmet-aikanat-turkeiturkiie-150x150.jpg\" alt=\"\" width=\"150\" height=\"150\" \/><\/a>Ahmet Aykanat<\/strong><\/span><\/div>\n<div>\u062a\u0631\u06a9\u06cc\u0647<\/div>\n<\/div>\n<\/td>\n<td style=\"text-align: center;\"><a class=\"fancybox\" href=\"http:\/\/tourismcartoon.com\/site\/wp-content\/uploads\/2018\/07\/norbert-van-iperzeele-belgium-belcika.jpg\"><img loading=\"lazy\" decoding=\"async\" class=\"aligncenter wp-image-590 size-thumbnail\" src=\"http:\/\/tourismcartoon.com\/site\/wp-content\/uploads\/2018\/07\/norbert-van-iperzeele-belgium-belcika-150x150.jpg\" alt=\"\" width=\"150\" height=\"150\" \/><\/a><\/p>\n<div>\n<div><span style=\"color: #808000;\"><strong><a href=\"http:\/\/www.tourismcartoon.org\/wp-content\/uploads\/2020\/03\/norbert-van-iperzeele-belgium-belcika.jpg\"><img loading=\"lazy\" decoding=\"async\" class=\"aligncenter wp-image-442 size-thumbnail\" src=\"http:\/\/www.tourismcartoon.org\/wp-content\/uploads\/2020\/03\/norbert-van-iperzeele-belgium-belcika-150x150.jpg\" alt=\"\" width=\"150\" height=\"150\" \/><\/a>Norbert Van Yperzeele<\/strong><\/span><\/div>\n<div>\u0628\u0644\u0698\u06cc\u06a9<\/div>\n<\/div>\n<\/td>\n<\/tr>\n<tr>\n<td style=\"text-align: center;\"><strong><span dir=\"RTL\">\u0647\u0646\u0631\u0645\u0646\u062f\u0627\u0646 \u0634\u0627\u06cc\u0627\u0646 \u062a\u0642\u062f\u06cc\u0631<\/span><\/strong><\/td>\n<td style=\"text-align: center;\"><strong><span dir=\"RTL\">\u0647\u0646\u0631\u0645\u0646\u062f\u0627\u0646 \u0634\u0627\u06cc\u0627\u0646 \u062a\u0642\u062f\u06cc\u0631<\/span><\/strong><\/td>\n<td style=\"text-align: center;\"><strong><span dir=\"RTL\">\u0647\u0646\u0631\u0645\u0646\u062f\u0627\u0646 \u0634\u0627\u06cc\u0627\u0646 \u062a\u0642\u062f\u06cc\u0631<\/span><\/strong><\/td>\n<\/tr>\n<tr>\n<td style=\"text-align: center;\"><a class=\"fancybox\" href=\"http:\/\/tourismcartoon.com\/site\/wp-content\/uploads\/2018\/07\/darko-drljevic-montenegro-karadag.jpg\"><img loading=\"lazy\" decoding=\"async\" class=\"aligncenter wp-image-591 size-thumbnail\" src=\"http:\/\/tourismcartoon.com\/site\/wp-content\/uploads\/2018\/07\/darko-drljevic-montenegro-karadag-150x150.jpg\" alt=\"\" width=\"150\" height=\"150\" \/><\/a><\/p>\n<div>\n<div><span style=\"color: #808000;\"><strong><a href=\"http:\/\/www.tourismcartoon.org\/wp-content\/uploads\/2020\/03\/darko-drljevic-montenegro-karadag.jpg\"><img loading=\"lazy\" decoding=\"async\" class=\"aligncenter wp-image-439 size-thumbnail\" src=\"http:\/\/www.tourismcartoon.org\/wp-content\/uploads\/2020\/03\/darko-drljevic-montenegro-karadag-150x150.jpg\" alt=\"\" width=\"150\" height=\"150\" \/><\/a>Darko Drljevic<\/strong><\/span><\/div>\n<div>\u0645\u0648\u0646\u062a\u0647 \u0646\u06af\u0631\u0648<\/div>\n<\/div>\n<\/td>\n<td style=\"text-align: center;\"><a class=\"fancybox\" href=\"http:\/\/tourismcartoon.com\/site\/wp-content\/uploads\/2018\/07\/Arif-Sutristanto-Indonesia-Endonezya.jpg\"><img loading=\"lazy\" decoding=\"async\" class=\"aligncenter wp-image-592 size-thumbnail\" src=\"http:\/\/tourismcartoon.com\/site\/wp-content\/uploads\/2018\/07\/Arif-Sutristanto-Indonesia-Endonezya-150x150.jpg\" alt=\"\" width=\"150\" height=\"150\" \/><\/a><\/p>\n<div>\n<div><span style=\"color: #808000;\"><strong><a href=\"http:\/\/www.tourismcartoon.org\/wp-content\/uploads\/2020\/03\/Arif-Sutristanto-Indonesia-Endonezya.jpg\"><img loading=\"lazy\" decoding=\"async\" class=\"aligncenter wp-image-437 size-thumbnail\" src=\"http:\/\/www.tourismcartoon.org\/wp-content\/uploads\/2020\/03\/Arif-Sutristanto-Indonesia-Endonezya-150x150.jpg\" alt=\"\" width=\"150\" height=\"150\" \/><\/a>Arif Sutristanto<\/strong><\/span><\/div>\n<div>\u0627\u0646\u062f\u0648\u0646\u0632\u06cc<\/div>\n<\/div>\n<\/td>\n<td style=\"text-align: center;\"><a class=\"fancybox\" href=\"http:\/\/tourismcartoon.com\/site\/wp-content\/uploads\/2018\/07\/damir-novak-croatia-hirvatistan.jpg\"><img loading=\"lazy\" decoding=\"async\" class=\"aligncenter wp-image-593 size-thumbnail\" src=\"http:\/\/tourismcartoon.com\/site\/wp-content\/uploads\/2018\/07\/damir-novak-croatia-hirvatistan-150x150.jpg\" alt=\"\" width=\"150\" height=\"150\" \/><\/a><\/p>\n<div>\n<div><span style=\"color: #808000;\"><strong><a href=\"http:\/\/www.tourismcartoon.org\/wp-content\/uploads\/2020\/03\/damir-novak-croatia-hirvatistan.jpg\"><img loading=\"lazy\" decoding=\"async\" class=\"aligncenter wp-image-438 size-thumbnail\" src=\"http:\/\/www.tourismcartoon.org\/wp-content\/uploads\/2020\/03\/damir-novak-croatia-hirvatistan-150x150.jpg\" alt=\"\" width=\"150\" height=\"150\" \/><\/a>Damir Novak<\/strong><\/span><\/div>\n<div>\u06a9\u0631\u0648\u0627\u0633\u06cc<\/div>\n<\/div>\n<\/td>\n<\/tr>\n<tr>\n<td style=\"text-align: center;\"><strong><span dir=\"RTL\">\u0647\u0646\u0631\u0645\u0646\u062f\u0627\u0646 \u0634\u0627\u06cc\u0627\u0646 \u062a\u0642\u062f\u06cc\u0631<\/span><\/strong><\/td>\n<td style=\"text-align: center;\"><strong><span dir=\"RTL\">\u0647\u0646\u0631\u0645\u0646\u062f\u0627\u0646 \u0634\u0627\u06cc\u0627\u0646 \u062a\u0642\u062f\u06cc\u0631<\/span><\/strong><\/td>\n<td style=\"text-align: center;\"><strong>\u062c\u0627\u06cc\u0632\u0647 \u06cc \u0645\u062e\u0635\u0648\u0635 \u0627\u0633\u062a\u0627\u062f \u0622\u062a\u06cc\u0644\u0627 \u00a0\u0627\u0624\u0632\u0631<\/strong><\/td>\n<\/tr>\n<tr>\n<td style=\"text-align: center;\"><a class=\"fancybox\" href=\"http:\/\/tourismcartoon.com\/site\/wp-content\/uploads\/2018\/07\/jovan-prokopljevic-serbia-sirbistan.jpg\"><img loading=\"lazy\" decoding=\"async\" class=\"aligncenter wp-image-594 size-thumbnail\" src=\"http:\/\/tourismcartoon.com\/site\/wp-content\/uploads\/2018\/07\/jovan-prokopljevic-serbia-sirbistan-150x150.jpg\" alt=\"\" width=\"150\" height=\"150\" \/><\/a><\/p>\n<div>\n<div><span style=\"color: #808000;\"><strong><a href=\"http:\/\/www.tourismcartoon.org\/wp-content\/uploads\/2020\/03\/jovan-prokopljevic-serbia-sirbistan.jpg\"><img loading=\"lazy\" decoding=\"async\" class=\"aligncenter wp-image-440 size-thumbnail\" src=\"http:\/\/www.tourismcartoon.org\/wp-content\/uploads\/2020\/03\/jovan-prokopljevic-serbia-sirbistan-150x150.jpg\" alt=\"\" width=\"150\" height=\"150\" \/><\/a>Jovan Prokopljevic<\/strong><\/span><\/div>\n<div>\u0635\u0631\u0628\u0633\u062a\u0627\u0646<\/div>\n<\/div>\n<\/td>\n<td style=\"text-align: center;\"><a class=\"fancybox\" href=\"http:\/\/tourismcartoon.com\/site\/wp-content\/uploads\/2018\/07\/ahmet-ozturklevent-turkei-turkiie1.jpg\"><img loading=\"lazy\" decoding=\"async\" class=\"aligncenter wp-image-595 size-thumbnail\" src=\"http:\/\/tourismcartoon.com\/site\/wp-content\/uploads\/2018\/07\/ahmet-ozturklevent-turkei-turkiie1-150x150.jpg\" alt=\"\" width=\"150\" height=\"150\" \/><\/a><\/p>\n<div>\n<div><span style=\"color: #808000;\"><strong><a href=\"http:\/\/www.tourismcartoon.org\/wp-content\/uploads\/2020\/03\/ahmet-ozturklevent-turkei-turkiie1.jpg\"><img loading=\"lazy\" decoding=\"async\" class=\"aligncenter wp-image-435 size-thumbnail\" src=\"http:\/\/www.tourismcartoon.org\/wp-content\/uploads\/2020\/03\/ahmet-ozturklevent-turkei-turkiie1-150x150.jpg\" alt=\"\" width=\"150\" height=\"150\" \/><\/a>Ahmet \u00d6zt\u00fcrklevent<\/strong><\/span><\/div>\n<div>\u062a\u0631\u06a9\u06cc\u0647<\/div>\n<\/div>\n<\/td>\n<td><a class=\"fancybox\" href=\"http:\/\/tourismcartoon.com\/site\/wp-content\/uploads\/2018\/07\/alla-chavdar-georgievi-bulgaria-bulgaristan.jpg\"><img loading=\"lazy\" decoding=\"async\" class=\"aligncenter wp-image-596 size-thumbnail\" src=\"http:\/\/tourismcartoon.com\/site\/wp-content\/uploads\/2018\/07\/alla-chavdar-georgievi-bulgaria-bulgaristan-150x150.jpg\" alt=\"\" width=\"150\" height=\"150\" \/><\/a><\/p>\n<div>\n<div style=\"text-align: center;\"><span style=\"color: #808000;\"><strong><a href=\"http:\/\/www.tourismcartoon.org\/wp-content\/uploads\/2020\/03\/alla-chavdar-georgievi-bulgaria-bulgaristan.jpg\"><img loading=\"lazy\" decoding=\"async\" class=\"aligncenter wp-image-436 size-thumbnail\" src=\"http:\/\/www.tourismcartoon.org\/wp-content\/uploads\/2020\/03\/alla-chavdar-georgievi-bulgaria-bulgaristan-150x150.jpg\" alt=\"\" width=\"150\" height=\"150\" \/><\/a>Alla &amp; Chavdar Georgievi<\/strong><\/span><br \/>\n\u0628\u0644\u063a\u0627\u0631\u0633\u062a\u0627\u0646<\/div>\n<\/div>\n<\/td>\n<\/tr>\n<\/tbody>\n<\/table>\n<p><\/p>","protected":false},"excerpt":{"rendered":"<p>4: \u062a\u0639\u062f\u0627\u062f \u0645\u0633\u0627\u0628\u0642\u0647 2012: \u0633\u0627\u0644 \u00a0\u062c\u0647\u0627\u0646\u06af\u0631\u062f\u06cc: \u0645\u0648\u0636\u0648\u0639 \u0628\u0627\u0632 \u0628\u0647 \u0647\u0645\u0647: \u062f\u0633\u062a\u0647 \u0627\u0637\u0644\u0627\u0639\u0627\u062a \u06a9\u0627\u0631\u06cc\u06a9\u0627\u062a\u0648\u0631 \u0627\u0631\u0633\u0627\u0644\u06cc: 692: \u062a\u0639\u062f\u0627\u062f \u06a9\u0627\u0631\u06cc\u06a9\u0627\u062a\u0648\u0631 72: \u062a\u0639\u062f\u0627\u062f \u06a9\u0634\u0648\u0631 \u0634\u0631\u06a9\u062a\u200c\u06a9\u0646\u0646\u062f\u0647 312: \u062a\u0639\u062f\u0627\u062f \u0634\u0631\u06a9\u062a\u200c\u06a9\u0646\u0646\u062f\u06af\u0627\u0646 5 April 2013, Istanbul Modern Exhitibition Hall, Istanbul, Turkey: \u062a\u0627\u0631\u06cc\u062e \u0648 \u0645\u062d\u0644 \u0628\u0631\u06af\u0632\u0627\u0631\u06cc \u0645\u0631\u0627\u0633\u0645 \u062c\u0627\u06cc\u0632\u0647 \u0627\u0639\u0636\u0627\u06cc \u0647\u06cc\u0623\u062a \u062f\u0627\u0648\u0631\u06cc: Abbas NAASER\u0130 (\u0627\u06cc\u0631\u0627\u0646), H\u00fcseyin \u00c7AKMAK (\u062c\u0645\u0647\u0648\u0631\u06cc \u062a\u0631\u06a9 \u0642\u0628\u0631\u0633 \u0634\u0645\u0627\u0644\u06cc), Yoshiaki YOKOTA (\u0698\u0627\u067e\u0646), Eray&hellip;&nbsp;<a href=\"http:\/\/www.tourismcartoon.org\/fa\/onceki-yarismalar\/dorduncu-uluslararasi-turizm-karikaturleri-yarismasi-2012\/\" class=\"\" rel=\"bookmark\">Read More &raquo;<span class=\"screen-reader-text\">\u0686\u0647\u0627\u0631\u0645\u06cc\u0646 \u0645\u0633\u0627\u0628\u0642\u0647\u00ac\u06cc \u06a9\u0627\u0631\u06cc\u06a9\u0627\u062a\u0648\u0631 \u06af\u0631\u062f\u0634\u06af\u0631\u06cc \u0628\u06cc\u0646\u00ac\u0627\u0644\u0645\u0644\u0644\u06cc 2012<\/span><\/a><\/p>\n","protected":false},"author":1,"featured_media":0,"comment_status":"closed","ping_status":"open","sticky":false,"template":"","format":"standard","meta":{"neve_meta_sidebar":"","neve_meta_container":"","neve_meta_enable_content_width":"off","neve_meta_content_width":0,"neve_meta_title_alignment":"","neve_meta_author_avatar":"","neve_post_elements_order":"","neve_meta_disable_header":"","neve_meta_disable_footer":"","neve_meta_disable_title":"","footnotes":""},"categories":[10],"tags":[],"class_list":["post-249","post","type-post","status-publish","format-standard","hentry","category-onceki-yarismalar"],"_links":{"self":[{"href":"http:\/\/www.tourismcartoon.org\/fa\/wp-json\/wp\/v2\/posts\/249","targetHints":{"allow":["GET"]}}],"collection":[{"href":"http:\/\/www.tourismcartoon.org\/fa\/wp-json\/wp\/v2\/posts"}],"about":[{"href":"http:\/\/www.tourismcartoon.org\/fa\/wp-json\/wp\/v2\/types\/post"}],"author":[{"embeddable":true,"href":"http:\/\/www.tourismcartoon.org\/fa\/wp-json\/wp\/v2\/users\/1"}],"replies":[{"embeddable":true,"href":"http:\/\/www.tourismcartoon.org\/fa\/wp-json\/wp\/v2\/comments?post=249"}],"version-history":[{"count":22,"href":"http:\/\/www.tourismcartoon.org\/fa\/wp-json\/wp\/v2\/posts\/249\/revisions"}],"predecessor-version":[{"id":2957,"href":"http:\/\/www.tourismcartoon.org\/fa\/wp-json\/wp\/v2\/posts\/249\/revisions\/2957"}],"wp:attachment":[{"href":"http:\/\/www.tourismcartoon.org\/fa\/wp-json\/wp\/v2\/media?parent=249"}],"wp:term":[{"taxonomy":"category","embeddable":true,"href":"http:\/\/www.tourismcartoon.org\/fa\/wp-json\/wp\/v2\/categories?post=249"},{"taxonomy":"post_tag","embeddable":true,"href":"http:\/\/www.tourismcartoon.org\/fa\/wp-json\/wp\/v2\/tags?post=249"}],"curies":[{"name":"wp","href":"https:\/\/api.w.org\/{rel}","templated":true}]}}